{"id":747,"date":"2019-06-11T17:23:42","date_gmt":"2019-06-11T20:23:42","guid":{"rendered":"https:\/\/www.leondenis.org.br\/?p=747"},"modified":"2019-06-11T17:23:42","modified_gmt":"2019-06-11T20:23:42","slug":"19o-congresso-espirita-do-estado-do-ceara-tema-sao-chegados-os-tempos","status":"publish","type":"post","link":"https:\/\/www.leondenis.org.br\/index.php\/2019\/06\/11\/19o-congresso-espirita-do-estado-do-ceara-tema-sao-chegados-os-tempos\/","title":{"rendered":"19\u00ba Congresso Esp\u00edrita do Estado do Cear\u00e1 &#8211; Tema: S\u00e3o chegados os tempos"},"content":{"rendered":"<p><img loading=\"lazy\" decoding=\"async\" class=\"alignnone size-large wp-image-748\" src=\"https:\/\/www.leondenis.org.br\/wp-content\/uploads\/2019\/06\/S\u00e3o-chegados-os-tempos-768x1024-768x1024.jpeg\" alt=\"\" width=\"768\" height=\"1024\" srcset=\"https:\/\/www.leondenis.org.br\/wp-content\/uploads\/2019\/06\/S\u00e3o-chegados-os-tempos-768x1024.jpeg 768w, https:\/\/www.leondenis.org.br\/wp-content\/uploads\/2019\/06\/S\u00e3o-chegados-os-tempos-768x1024-225x300.jpeg 225w\" sizes=\"auto, (max-width: 768px) 100vw, 768px\" \/><\/p>\n","protected":false},"excerpt":{"rendered":"","protected":false},"author":1,"featured_media":748,"comment_status":"open","ping_status":"open","sticky":false,"template":"","format":"standard","meta":{"_ef_editorial_meta_date_first-draft-date":"","_ef_editorial_meta_paragraph_assignment":"","_ef_editorial_meta_checkbox_needs-photo":"","_ef_editorial_meta_number_word-count":"","footnotes":""},"categories":[1],"tags":[27,24],"class_list":["post-747","post","type-post","status-publish","format-standard","has-post-thumbnail","hentry","category-novidades","tag-congresso","tag-espiritismo"],"_links":{"self":[{"href":"https:\/\/www.leondenis.org.br\/index.php\/wp-json\/wp\/v2\/posts\/747","targetHints":{"allow":["GET"]}}],"collection":[{"href":"https:\/\/www.leondenis.org.br\/index.php\/wp-json\/wp\/v2\/posts"}],"about":[{"href":"https:\/\/www.leondenis.org.br\/index.php\/wp-json\/wp\/v2\/types\/post"}],"author":[{"embeddable":true,"href":"https:\/\/www.leondenis.org.br\/index.php\/wp-json\/wp\/v2\/users\/1"}],"replies":[{"embeddable":true,"href":"https:\/\/www.leondenis.org.br\/index.php\/wp-json\/wp\/v2\/comments?post=747"}],"version-history":[{"count":1,"href":"https:\/\/www.leondenis.org.br\/index.php\/wp-json\/wp\/v2\/posts\/747\/revisions"}],"predecessor-version":[{"id":749,"href":"https:\/\/www.leondenis.org.br\/index.php\/wp-json\/wp\/v2\/posts\/747\/revisions\/749"}],"wp:featuredmedia":[{"embeddable":true,"href":"https:\/\/www.leondenis.org.br\/index.php\/wp-json\/wp\/v2\/media\/748"}],"wp:attachment":[{"href":"https:\/\/www.leondenis.org.br\/index.php\/wp-json\/wp\/v2\/media?parent=747"}],"wp:term":[{"taxonomy":"category","embeddable":true,"href":"https:\/\/www.leondenis.org.br\/index.php\/wp-json\/wp\/v2\/categories?post=747"},{"taxonomy":"post_tag","embeddable":true,"href":"https:\/\/www.leondenis.org.br\/index.php\/wp-json\/wp\/v2\/tags?post=747"}],"curies":[{"name":"wp","href":"https:\/\/api.w.org\/{rel}","templated":true}]}}