{"id":1732,"date":"2020-11-18T10:37:14","date_gmt":"2020-11-18T13:37:14","guid":{"rendered":"https:\/\/www.leondenis.org.br\/?p=1732"},"modified":"2020-11-18T14:13:05","modified_gmt":"2020-11-18T17:13:05","slug":"evangelizacao-infantil-da-celd-encerrara-as-atividades-de-2020-na-proxima-sexta-18-11","status":"publish","type":"post","link":"https:\/\/www.leondenis.org.br\/index.php\/2020\/11\/18\/evangelizacao-infantil-da-celd-encerrara-as-atividades-de-2020-na-proxima-sexta-18-11\/","title":{"rendered":"Evangeliza\u00e7\u00e3o Infantil da CELD encerrar\u00e1 as atividades de 2020 na pr\u00f3xima sexta (20\/11)"},"content":{"rendered":"<p>Caros Amigos!<\/p>\n<p>A \u00c1rea de inf\u00e2ncia e Juventude da CELD comunica a todos que encerrar\u00e1 as suas atividades de 2020 na pr\u00f3xima sexta-feira (20\/11).<\/p>\n<p>A data de retorno das atividades em 2021 ser\u00e1 publicada em breve aqui no site. Fique de olho!<\/p>\n<p>Fraternalmente,<\/p>\n<p><strong>Coordena\u00e7\u00e3o \u00c1rea de inf\u00e2ncia e Juventude<\/strong><\/p>\n","protected":false},"excerpt":{"rendered":"<p>Caros Amigos! A \u00c1rea de inf\u00e2ncia e Juventude da CELD comunica a todos que encerrar\u00e1 as suas atividades de 2020 na pr\u00f3xima sexta-feira (20\/11). A data de retorno das atividades em 2021 ser\u00e1 publicada em breve aqui no site. Fique de olho! Fraternalmente, Coordena\u00e7\u00e3o \u00c1rea de inf\u00e2ncia e Juventude<\/p>\n","protected":false},"author":1,"featured_media":1026,"comment_status":"open","ping_status":"open","sticky":false,"template":"","format":"standard","meta":{"_ef_editorial_meta_date_first-draft-date":"","_ef_editorial_meta_paragraph_assignment":"","_ef_editorial_meta_checkbox_needs-photo":"","_ef_editorial_meta_number_word-count":"","footnotes":""},"categories":[1],"tags":[],"class_list":["post-1732","post","type-post","status-publish","format-standard","has-post-thumbnail","hentry","category-novidades"],"_links":{"self":[{"href":"https:\/\/www.leondenis.org.br\/index.php\/wp-json\/wp\/v2\/posts\/1732","targetHints":{"allow":["GET"]}}],"collection":[{"href":"https:\/\/www.leondenis.org.br\/index.php\/wp-json\/wp\/v2\/posts"}],"about":[{"href":"https:\/\/www.leondenis.org.br\/index.php\/wp-json\/wp\/v2\/types\/post"}],"author":[{"embeddable":true,"href":"https:\/\/www.leondenis.org.br\/index.php\/wp-json\/wp\/v2\/users\/1"}],"replies":[{"embeddable":true,"href":"https:\/\/www.leondenis.org.br\/index.php\/wp-json\/wp\/v2\/comments?post=1732"}],"version-history":[{"count":2,"href":"https:\/\/www.leondenis.org.br\/index.php\/wp-json\/wp\/v2\/posts\/1732\/revisions"}],"predecessor-version":[{"id":1734,"href":"https:\/\/www.leondenis.org.br\/index.php\/wp-json\/wp\/v2\/posts\/1732\/revisions\/1734"}],"wp:featuredmedia":[{"embeddable":true,"href":"https:\/\/www.leondenis.org.br\/index.php\/wp-json\/wp\/v2\/media\/1026"}],"wp:attachment":[{"href":"https:\/\/www.leondenis.org.br\/index.php\/wp-json\/wp\/v2\/media?parent=1732"}],"wp:term":[{"taxonomy":"category","embeddable":true,"href":"https:\/\/www.leondenis.org.br\/index.php\/wp-json\/wp\/v2\/categories?post=1732"},{"taxonomy":"post_tag","embeddable":true,"href":"https:\/\/www.leondenis.org.br\/index.php\/wp-json\/wp\/v2\/tags?post=1732"}],"curies":[{"name":"wp","href":"https:\/\/api.w.org\/{rel}","templated":true}]}}