{"id":1256,"date":"2019-11-11T09:03:26","date_gmt":"2019-11-11T12:03:26","guid":{"rendered":"https:\/\/www.leondenis.org.br\/?p=1256"},"modified":"2019-11-12T19:34:07","modified_gmt":"2019-11-12T22:34:07","slug":"1-emesc","status":"publish","type":"post","link":"https:\/\/www.leondenis.org.br\/index.php\/2019\/11\/11\/1-emesc\/","title":{"rendered":"1\u00b0 Encontro de Mocidades Esp\u00edritas do Sexto CRE"},"content":{"rendered":"<p>Fala, galera, tudo bom?<\/p>\n<p><strong>Dia 23\/11 vai rolar o nosso 1\u00b0 EMESC<\/strong>. Como queremos muito contar com a presen\u00e7a de voc\u00eas, seguem as perguntas mais frequentes pra derrubar qualquer d\u00favida e ganhar seu cora\u00e7\u00e3ozinho:<\/p>\n<p><strong>\u2013 Aaaahh, mas qual o tema??<\/strong><br \/>\nO tema desse ano \u00e9 &#8220;Reflexo do que Sou&#8221; e trabalhar\u00e1 o assunto Sa\u00fade Mental.<\/p>\n<p><strong>\u2013E o hor\u00e1rio??<\/strong><br \/>\nO encontro ser\u00e1 de 8 \u00e0s 16h.<\/p>\n<p><strong>\u2013E quanto \u00e9 a entrada?<\/strong><br \/>\n0800. Nada. Gr\u00e1tis.<\/p>\n<p><strong>\u2013\u00c9, mas ainda tenho que me virar pra almo\u00e7ar, n\u00e9!?<\/strong><br \/>\nNops! Almo\u00e7o tamb\u00e9m por nossa conta.<\/p>\n<p><strong>\u2013Vai ter alguma apresenta\u00e7\u00e3o art\u00edstica?<\/strong><br \/>\nMas \u00e9 claro! A Equipe Um Som estar\u00e1 conosco \ud83d\udc96<\/p>\n<p><strong>E a\u00ed? Conseguiu tirar todas as suas d\u00favidas?<\/strong><br \/>\nNo mais, \u00e9 importante que tenha presente pelo menos 1 coordenador de mocidade ou um representante, pois s\u00f3 ele poder\u00e1 retirar os crach\u00e1s no evento, OK?<\/p>\n<p><strong>Se inscreve logo l\u00e1 no <a href=\"http:\/\/bit.ly\/EMESC\" target=\"_blank\" rel=\"noopener noreferrer\">http:\/\/bit.ly\/EMESC<\/a> e vem com a gente!<\/strong><\/p>\n<p><strong>Te vejo no EMESC! \ud83d\udc96<\/strong><\/p>\n<p><a href=\"https:\/\/canalyeah.typeform.com\/to\/VQ7BU3\" target=\"_blank\" rel=\"noopener noreferrer\"><img loading=\"lazy\" decoding=\"async\" class=\"alignnone size-full wp-image-1253\" src=\"https:\/\/www.leondenis.org.br\/wp-content\/uploads\/2019\/11\/1emesc.png\" alt=\"\" width=\"1022\" height=\"559\" srcset=\"https:\/\/www.leondenis.org.br\/wp-content\/uploads\/2019\/11\/1emesc.png 1022w, https:\/\/www.leondenis.org.br\/wp-content\/uploads\/2019\/11\/1emesc-300x164.png 300w, https:\/\/www.leondenis.org.br\/wp-content\/uploads\/2019\/11\/1emesc-768x420.png 768w\" sizes=\"auto, (max-width: 1022px) 100vw, 1022px\" \/><\/a><\/p>\n","protected":false},"excerpt":{"rendered":"<p>Fala, galera, tudo bom? Dia 23\/11 vai rolar o nosso 1\u00b0 EMESC. Como queremos muito contar com a presen\u00e7a de voc\u00eas, seguem as perguntas mais frequentes pra derrubar qualquer d\u00favida e ganhar seu cora\u00e7\u00e3ozinho: \u2013 Aaaahh, mas qual o tema?? O tema desse ano \u00e9 &#8220;Reflexo do que Sou&#8221; e trabalhar\u00e1 o assunto Sa\u00fade Mental. <a class=\"more-link\" href=\"https:\/\/www.leondenis.org.br\/index.php\/2019\/11\/11\/1-emesc\/\">Leia mais&#8230; &raquo;<\/a><\/p>\n","protected":false},"author":1,"featured_media":1253,"comment_status":"open","ping_status":"open","sticky":false,"template":"","format":"standard","meta":{"_ef_editorial_meta_date_first-draft-date":"","_ef_editorial_meta_paragraph_assignment":"","_ef_editorial_meta_checkbox_needs-photo":"","_ef_editorial_meta_number_word-count":"","footnotes":""},"categories":[1],"tags":[],"class_list":["post-1256","post","type-post","status-publish","format-standard","has-post-thumbnail","hentry","category-novidades"],"_links":{"self":[{"href":"https:\/\/www.leondenis.org.br\/index.php\/wp-json\/wp\/v2\/posts\/1256","targetHints":{"allow":["GET"]}}],"collection":[{"href":"https:\/\/www.leondenis.org.br\/index.php\/wp-json\/wp\/v2\/posts"}],"about":[{"href":"https:\/\/www.leondenis.org.br\/index.php\/wp-json\/wp\/v2\/types\/post"}],"author":[{"embeddable":true,"href":"https:\/\/www.leondenis.org.br\/index.php\/wp-json\/wp\/v2\/users\/1"}],"replies":[{"embeddable":true,"href":"https:\/\/www.leondenis.org.br\/index.php\/wp-json\/wp\/v2\/comments?post=1256"}],"version-history":[{"count":5,"href":"https:\/\/www.leondenis.org.br\/index.php\/wp-json\/wp\/v2\/posts\/1256\/revisions"}],"predecessor-version":[{"id":1262,"href":"https:\/\/www.leondenis.org.br\/index.php\/wp-json\/wp\/v2\/posts\/1256\/revisions\/1262"}],"wp:featuredmedia":[{"embeddable":true,"href":"https:\/\/www.leondenis.org.br\/index.php\/wp-json\/wp\/v2\/media\/1253"}],"wp:attachment":[{"href":"https:\/\/www.leondenis.org.br\/index.php\/wp-json\/wp\/v2\/media?parent=1256"}],"wp:term":[{"taxonomy":"category","embeddable":true,"href":"https:\/\/www.leondenis.org.br\/index.php\/wp-json\/wp\/v2\/categories?post=1256"},{"taxonomy":"post_tag","embeddable":true,"href":"https:\/\/www.leondenis.org.br\/index.php\/wp-json\/wp\/v2\/tags?post=1256"}],"curies":[{"name":"wp","href":"https:\/\/api.w.org\/{rel}","templated":true}]}}